{"id":51905,"date":"2025-07-24T16:13:27","date_gmt":"2025-07-24T15:13:27","guid":{"rendered":"https:\/\/amreinproperties.com\/entdecken-sie-die-verborgenen-schaetze-der-costa-del-sol-unerwartete-abenteuer-jenseits-der-kueste\/"},"modified":"2025-07-25T11:58:08","modified_gmt":"2025-07-25T10:58:08","slug":"entdecken-sie-die-verborgenen-schaetze-der-costa-del-sol-unerwartete-abenteuer-jenseits-der-kueste","status":"publish","type":"post","link":"https:\/\/amreinproperties.com\/de\/entdecken-sie-die-verborgenen-schaetze-der-costa-del-sol-unerwartete-abenteuer-jenseits-der-kueste\/","title":{"rendered":"Entdecken Sie die verborgenen Sch\u00e4tze der Costa del Sol: Unerwartete Abenteuer jenseits der K\u00fcste"},"content":{"rendered":"\t\t<div data-elementor-type=\"wp-post\" data-elementor-id=\"51905\" class=\"elementor elementor-51905 elementor-51862\" data-elementor-post-type=\"post\">\n\t\t\t\t\t\t<section class=\"elementor-section elementor-top-section elementor-element elementor-element-463bfeb8 elementor-section-height-min-height elementor-section-full_width elementor-section-height-default elementor-section-items-middle\" data-id=\"463bfeb8\" data-element_type=\"section\" data-settings=\"{&quot;background_background&quot;:&quot;classic&quot;}\">\n\t\t\t\t\t\t\t<div class=\"elementor-background-overlay\"><\/div>\n\t\t\t\t\t\t\t<div class=\"elementor-container elementor-column-gap-default\">\n\t\t\t\t\t<div class=\"elementor-column elementor-col-100 elementor-top-column elementor-element elementor-element-12004fa7 about-us-page-top-section-column\" data-id=\"12004fa7\" data-element_type=\"column\">\n\t\t\t<div class=\"elementor-widget-wrap elementor-element-populated\">\n\t\t\t\t\t\t<div class=\"elementor-element elementor-element-2fe3030c elementor-widget elementor-widget-heading\" data-id=\"2fe3030c\" data-element_type=\"widget\" data-widget_type=\"heading.default\">\n\t\t\t\t<div class=\"elementor-widget-container\">\n\t\t\t<style>\/*! elementor - v3.22.0 - 24-06-2024 *\/\n.elementor-heading-title{padding:0;margin:0;line-height:1}.elementor-widget-heading .elementor-heading-title[class*=elementor-size-]>a{color:inherit;font-size:inherit;line-height:inherit}.elementor-widget-heading .elementor-heading-title.elementor-size-small{font-size:15px}.elementor-widget-heading .elementor-heading-title.elementor-size-medium{font-size:19px}.elementor-widget-heading .elementor-heading-title.elementor-size-large{font-size:29px}.elementor-widget-heading .elementor-heading-title.elementor-size-xl{font-size:39px}.elementor-widget-heading .elementor-heading-title.elementor-size-xxl{font-size:59px}<\/style><h2 class=\"elementor-heading-title elementor-size-default\">Unerwartete Abenteuer<br>jenseits der K\u00fcste\n<\/h2>\t\t<\/div>\n\t\t\t\t<\/div>\n\t\t\t\t\t<\/div>\n\t\t<\/div>\n\t\t\t\t\t<\/div>\n\t\t<\/section>\n\t\t<div class=\"elementor-element elementor-element-4afd9f9a e-flex e-con-boxed e-con e-parent\" data-id=\"4afd9f9a\" data-element_type=\"container\" data-settings=\"{&quot;background_background&quot;:&quot;classic&quot;}\">\n\t\t\t\t\t<div class=\"e-con-inner\">\n\t\t\t\t<div class=\"elementor-element elementor-element-251a86d3 elementor-widget elementor-widget-spacer\" data-id=\"251a86d3\" data-element_type=\"widget\" data-widget_type=\"spacer.default\">\n\t\t\t\t<div class=\"elementor-widget-container\">\n\t\t\t<style>\/*! elementor - v3.22.0 - 24-06-2024 *\/\n.elementor-column .elementor-spacer-inner{height:var(--spacer-size)}.e-con{--container-widget-width:100%}.e-con-inner>.elementor-widget-spacer,.e-con>.elementor-widget-spacer{width:var(--container-widget-width,var(--spacer-size));--align-self:var(--container-widget-align-self,initial);--flex-shrink:0}.e-con-inner>.elementor-widget-spacer>.elementor-widget-container,.e-con>.elementor-widget-spacer>.elementor-widget-container{height:100%;width:100%}.e-con-inner>.elementor-widget-spacer>.elementor-widget-container>.elementor-spacer,.e-con>.elementor-widget-spacer>.elementor-widget-container>.elementor-spacer{height:100%}.e-con-inner>.elementor-widget-spacer>.elementor-widget-container>.elementor-spacer>.elementor-spacer-inner,.e-con>.elementor-widget-spacer>.elementor-widget-container>.elementor-spacer>.elementor-spacer-inner{height:var(--container-widget-height,var(--spacer-size))}.e-con-inner>.elementor-widget-spacer.elementor-widget-empty,.e-con>.elementor-widget-spacer.elementor-widget-empty{position:relative;min-height:22px;min-width:22px}.e-con-inner>.elementor-widget-spacer.elementor-widget-empty .elementor-widget-empty-icon,.e-con>.elementor-widget-spacer.elementor-widget-empty .elementor-widget-empty-icon{position:absolute;top:0;bottom:0;left:0;right:0;margin:auto;padding:0;width:22px;height:22px}<\/style>\t\t<div class=\"elementor-spacer\">\n\t\t\t<div class=\"elementor-spacer-inner\"><\/div>\n\t\t<\/div>\n\t\t\t\t<\/div>\n\t\t\t\t<\/div>\n\t\t\t\t\t<\/div>\n\t\t\t\t<\/div>\n\t\t<div class=\"elementor-element elementor-element-1a66d433 e-flex e-con-boxed e-con e-parent\" data-id=\"1a66d433\" data-element_type=\"container\" data-settings=\"{&quot;background_background&quot;:&quot;classic&quot;}\">\n\t\t\t\t\t<div class=\"e-con-inner\">\n\t\t\t\t<div class=\"elementor-element elementor-element-1c15cb2b elementor-widget elementor-widget-heading\" data-id=\"1c15cb2b\" data-element_type=\"widget\" data-widget_type=\"heading.default\">\n\t\t\t\t<div class=\"elementor-widget-container\">\n\t\t\t<h2 class=\"elementor-heading-title elementor-size-default\">Entdecken Sie die verborgenen Sch\u00e4tze der Costa del Sol\n<\/h2>\t\t<\/div>\n\t\t\t\t<\/div>\n\t\t\t\t\t<\/div>\n\t\t\t\t<\/div>\n\t\t<div class=\"elementor-element elementor-element-15847455 e-flex e-con-boxed e-con e-parent\" data-id=\"15847455\" data-element_type=\"container\" data-settings=\"{&quot;background_background&quot;:&quot;classic&quot;}\">\n\t\t\t\t\t<div class=\"e-con-inner\">\n\t\t\t\t<div class=\"elementor-element elementor-element-4d945989 elementor-widget elementor-widget-spacer\" data-id=\"4d945989\" data-element_type=\"widget\" data-widget_type=\"spacer.default\">\n\t\t\t\t<div class=\"elementor-widget-container\">\n\t\t\t\t\t<div class=\"elementor-spacer\">\n\t\t\t<div class=\"elementor-spacer-inner\"><\/div>\n\t\t<\/div>\n\t\t\t\t<\/div>\n\t\t\t\t<\/div>\n\t\t\t\t\t<\/div>\n\t\t\t\t<\/div>\n\t\t<div class=\"elementor-element elementor-element-16bb96e2 e-flex e-con-boxed e-con e-parent\" data-id=\"16bb96e2\" data-element_type=\"container\" data-settings=\"{&quot;background_background&quot;:&quot;classic&quot;}\">\n\t\t\t\t\t<div class=\"e-con-inner\">\n\t\t\t\t<div class=\"elementor-element elementor-element-1daa1e2b elementor-widget elementor-widget-text-editor\" data-id=\"1daa1e2b\" data-element_type=\"widget\" data-widget_type=\"text-editor.default\">\n\t\t\t\t<div class=\"elementor-widget-container\">\n\t\t\t<style>\/*! elementor - v3.22.0 - 24-06-2024 *\/\n.elementor-widget-text-editor.elementor-drop-cap-view-stacked .elementor-drop-cap{background-color:#69727d;color:#fff}.elementor-widget-text-editor.elementor-drop-cap-view-framed .elementor-drop-cap{color:#69727d;border:3px solid;background-color:transparent}.elementor-widget-text-editor:not(.elementor-drop-cap-view-default) .elementor-drop-cap{margin-top:8px}.elementor-widget-text-editor:not(.elementor-drop-cap-view-default) .elementor-drop-cap-letter{width:1em;height:1em}.elementor-widget-text-editor .elementor-drop-cap{float:left;text-align:center;line-height:1;font-size:50px}.elementor-widget-text-editor .elementor-drop-cap-letter{display:inline-block}<\/style>\t\t\t\t<p><span style=\"font-weight: 400;\">Bei Amrein Properties sind wir leidenschaftlich daran interessiert, unseren anspruchsvollen Kunden au\u00dfergew\u00f6hnliche Erlebnisse zu bieten, indem wir nicht nur die <\/span><a href=\"https:\/\/amreinproperties.com\/de\/\"><span style=\"font-weight: 400;\"><strong>luxuri\u00f6sen Immobilien in Marbella<\/strong><\/span><\/a><span style=\"font-weight: 400;\"> und an der Costa del Sol pr\u00e4sentieren, sondern auch die verborgenen Sch\u00e4tze der Region, die ihren einzigartigen Reiz ausmachen. W\u00e4hrend die sonnenverw\u00f6hnten Str\u00e4nde und das pulsierende K\u00fcstenleben ikonisch sind, bietet die Provinz M\u00e1laga, eine der bergigsten Regionen Spaniens, eine F\u00fclle an Abenteuern im Landesinneren und an der K\u00fcste, die \u00fcberraschen und begeistern. Begleiten Sie uns auf eine unvergessliche Reise durch historische St\u00e4dte, atemberaubende Wanderwege und boh\u00e8mehafte Str\u00e4nde, perfekt f\u00fcr diejenigen, die ein zweites Zuhause in dieser faszinierenden Region suchen.  <\/span><\/p>\n\t\t\t\t\t\t<\/div>\n\t\t\t\t<\/div>\n\t\t\t\t\t<\/div>\n\t\t\t\t<\/div>\n\t\t<div class=\"elementor-element elementor-element-20cceeb e-flex e-con-boxed e-con e-parent\" data-id=\"20cceeb\" data-element_type=\"container\" data-settings=\"{&quot;background_background&quot;:&quot;classic&quot;}\">\n\t\t\t\t\t<div class=\"e-con-inner\">\n\t\t\t\t<div class=\"elementor-element elementor-element-453fc6b elementor-widget elementor-widget-heading\" data-id=\"453fc6b\" data-element_type=\"widget\" data-widget_type=\"heading.default\">\n\t\t\t\t<div class=\"elementor-widget-container\">\n\t\t\t<h2 class=\"elementor-heading-title elementor-size-default\">Ronda: ein historisches Juwel im h\u00fcgeligen Landesinnern\n\n<\/h2>\t\t<\/div>\n\t\t\t\t<\/div>\n\t\t\t\t\t<\/div>\n\t\t\t\t<\/div>\n\t\t<div class=\"elementor-element elementor-element-68c9f1a e-flex e-con-boxed e-con e-parent\" data-id=\"68c9f1a\" data-element_type=\"container\" data-settings=\"{&quot;background_background&quot;:&quot;classic&quot;}\">\n\t\t\t\t\t<div class=\"e-con-inner\">\n\t\t\t\t<div class=\"elementor-element elementor-element-a83d181 elementor-widget elementor-widget-text-editor\" data-id=\"a83d181\" data-element_type=\"widget\" data-widget_type=\"text-editor.default\">\n\t\t\t\t<div class=\"elementor-widget-container\">\n\t\t\t\t\t\t\t<p><span style=\"font-weight: 400;\">Dramatisch auf einer tiefen Schlucht thronend, <\/span><strong><a href=\"https:\/\/ayuntamientoronda.es\" target=\"_blank\" rel=\"noopener\">Ronda<\/a><\/strong><span style=\"font-weight: 400;\">  ist ein Kronjuwel des Hinterlandes von M\u00e1laga, das Geschichte, Kultur und atemberaubende Landschaften vereint. Weit entfernt von der \u00fcberf\u00fcllten K\u00fcste verzaubert diese alte Stadt mit ihrer   <\/span><a href=\"https:\/\/en.wikipedia.org\/wiki\/Puente_Nuevo\" target=\"_blank\" rel=\"noopener\"><b>Br\u00fccke der Tajo-Schlucht<\/b><\/a><span style=\"font-weight: 400;\">, ein Ingenieurwunder aus dem 18. Jahrhundert, das den Fluss Guadalev\u00edn \u00fcberspannt und einen Panoramablick auf die Serran\u00eda de Ronda bietet. Geschichtsliebhaber werden die   <\/span><a href=\"https:\/\/www.rmcr.org\" target=\"_blank\" rel=\"noopener\"><b>Plaza de Toros<\/b><\/a><span style=\"font-weight: 400;\">, eine der \u00e4ltesten Stierkampfarenen Spaniens, und die <\/span><a href=\"https:\/\/turismoderonda.es\/es\/ronda\/que_ver\/arquitectura_plazas_monumentos\/banos_arabes\" target=\"_blank\" rel=\"noopener\"><b>Arabischen B\u00e4der<\/b><\/a><span style=\"font-weight: 400;\">, ein wundersch\u00f6n erhaltenes \u00dcberbleibsel der maurischen Vergangenheit. Die  <\/span><a href=\"https:\/\/www.discoverronda.com\/iglesia-santa-maria-mayor.html\" target=\"_blank\" rel=\"noopener\"><b>Kirche Santa Mar\u00eda la Mayor<\/b><\/a><span style=\"font-weight: 400;\">, mit ihren gotischen und Renaissance-Elementen, verleiht Ihrem Besuch eine spirituelle Dimension.<\/span><\/p>\n<p><span style=\"font-weight: 400;\">Feinschmecker und Weinliebhaber werden in der <\/span><a href=\"https:\/\/www.ramospaul.com\/\" target=\"_blank\" rel=\"noopener\"><b>Bodega Ramos Pa\u00fal<\/b><\/a><span style=\"font-weight: 400;\">, einem Boutique-Weingut, eingebettet in sanfte H\u00fcgel, wo preisgekr\u00f6nte Weine perfekt zur Landschaft passen. F\u00fcr einen kulinarischen Genuss,   <\/span><a href=\"https:\/\/www.tragata.com\/\" target=\"_blank\" rel=\"noopener\"><b>Tragat\u00e1<\/b><\/a><span style=\"font-weight: 400;\">  interpretiert andalusische Tapas mit einem modernen Twist neu, ideal f\u00fcr ein anspruchsvolles Mittagessen. Motorsportfans k\u00f6nnen ihren Adrenalinkick im   <\/span><a href=\"https:\/\/www.ascari.net\/\" target=\"_blank\" rel=\"noopener\"><b>Ascari Race Resort<\/b><\/a><span style=\"font-weight: 400;\">, einer erstklassigen Rennstrecke in der N\u00e4he, die aufregende Fahrten vor einer zerkl\u00fcfteten Bergkulisse bietet.<\/span><\/p>\n\t\t\t\t\t\t<\/div>\n\t\t\t\t<\/div>\n\t\t\t\t\t<\/div>\n\t\t\t\t<\/div>\n\t\t<div class=\"elementor-element elementor-element-5319a225 e-flex e-con-boxed e-con e-parent\" data-id=\"5319a225\" data-element_type=\"container\" data-settings=\"{&quot;background_background&quot;:&quot;classic&quot;}\">\n\t\t\t\t\t<div class=\"e-con-inner\">\n\t\t\t\t<div class=\"elementor-element elementor-element-379a6fb1 elementor-widget elementor-widget-image\" data-id=\"379a6fb1\" data-element_type=\"widget\" data-widget_type=\"image.default\">\n\t\t\t\t<div class=\"elementor-widget-container\">\n\t\t\t<style>\/*! elementor - v3.22.0 - 24-06-2024 *\/\n.elementor-widget-image{text-align:center}.elementor-widget-image a{display:inline-block}.elementor-widget-image a img[src$=\".svg\"]{width:48px}.elementor-widget-image img{vertical-align:middle;display:inline-block}<\/style>\t\t\t\t\t\t\t\t\t\t<img fetchpriority=\"high\" decoding=\"async\" width=\"2560\" height=\"1920\" src=\"https:\/\/amreinproperties.com\/wp-content\/uploads\/2025\/07\/pexels-danielbask-4330835-scaled.jpg\" class=\"attachment-full size-full wp-image-51863\" alt=\"Ronda Bull Ring, Andalusian Village, Culture, Heritage, Activities TOURISM\" srcset=\"https:\/\/amreinproperties.com\/wp-content\/uploads\/2025\/07\/pexels-danielbask-4330835-scaled.jpg 2560w, https:\/\/amreinproperties.com\/wp-content\/uploads\/2025\/07\/pexels-danielbask-4330835-300x225.jpg 300w, https:\/\/amreinproperties.com\/wp-content\/uploads\/2025\/07\/pexels-danielbask-4330835-1024x768.jpg 1024w, https:\/\/amreinproperties.com\/wp-content\/uploads\/2025\/07\/pexels-danielbask-4330835-768x576.jpg 768w, https:\/\/amreinproperties.com\/wp-content\/uploads\/2025\/07\/pexels-danielbask-4330835-1536x1152.jpg 1536w, https:\/\/amreinproperties.com\/wp-content\/uploads\/2025\/07\/pexels-danielbask-4330835-2048x1536.jpg 2048w, https:\/\/amreinproperties.com\/wp-content\/uploads\/2025\/07\/pexels-danielbask-4330835-592x444.jpg 592w, https:\/\/amreinproperties.com\/wp-content\/uploads\/2025\/07\/pexels-danielbask-4330835-584x438.jpg 584w, https:\/\/amreinproperties.com\/wp-content\/uploads\/2025\/07\/pexels-danielbask-4330835-800x600.jpg 800w, https:\/\/amreinproperties.com\/wp-content\/uploads\/2025\/07\/pexels-danielbask-4330835-120x90.jpg 120w, https:\/\/amreinproperties.com\/wp-content\/uploads\/2025\/07\/pexels-danielbask-4330835-496x372.jpg 496w\" sizes=\"(max-width: 2560px) 100vw, 2560px\" \/>\t\t\t\t\t\t\t\t\t\t\t\t\t<\/div>\n\t\t\t\t<\/div>\n\t\t\t\t\t<\/div>\n\t\t\t\t<\/div>\n\t\t<div class=\"elementor-element elementor-element-40131bf7 e-flex e-con-boxed e-con e-parent\" data-id=\"40131bf7\" data-element_type=\"container\" data-settings=\"{&quot;background_background&quot;:&quot;classic&quot;}\">\n\t\t\t\t\t<div class=\"e-con-inner\">\n\t\t\t\t<div class=\"elementor-element elementor-element-38d1ea8 elementor-widget elementor-widget-spacer\" data-id=\"38d1ea8\" data-element_type=\"widget\" data-widget_type=\"spacer.default\">\n\t\t\t\t<div class=\"elementor-widget-container\">\n\t\t\t\t\t<div class=\"elementor-spacer\">\n\t\t\t<div class=\"elementor-spacer-inner\"><\/div>\n\t\t<\/div>\n\t\t\t\t<\/div>\n\t\t\t\t<\/div>\n\t\t\t\t\t<\/div>\n\t\t\t\t<\/div>\n\t\t<div class=\"elementor-element elementor-element-4b7c75b9 e-flex e-con-boxed e-con e-parent\" data-id=\"4b7c75b9\" data-element_type=\"container\" data-settings=\"{&quot;background_background&quot;:&quot;classic&quot;}\">\n\t\t\t\t\t<div class=\"e-con-inner\">\n\t\t\t\t<div class=\"elementor-element elementor-element-27892c8d elementor-widget elementor-widget-text-editor\" data-id=\"27892c8d\" data-element_type=\"widget\" data-widget_type=\"text-editor.default\">\n\t\t\t\t<div class=\"elementor-widget-container\">\n\t\t\t\t\t\t\t<p><span style=\"font-weight: 400;\">Ronda dient als Tor zu M\u00e1lagas <\/span><b>pueblos blancos<\/b><span style=\"font-weight: 400;\"> (wei\u00dfen D\u00f6rfern), jedes mit seinem eigenen einzigartigen Charme. <\/span><a href=\"https:\/\/turismodesetenil.com\" target=\"_blank\" rel=\"noopener\"><b>Setenil de las Bodegas<\/b><\/a><span style=\"font-weight: 400;\"> besticht mit in Felsen gehauenen H\u00e4usern, die ein surreales, h\u00f6hlenartiges Ambiente schaffen \u2013 perfekt, um Kaffee unter \u00fcberh\u00e4ngenden Felsen zu trinken.<\/span><span style=\"font-weight: 400;\"> In der N\u00e4he bietet <\/span><a href=\"https:\/\/www.arriate.es\" target=\"_blank\" rel=\"noopener\"><b>Arriate<\/b><\/a><span style=\"font-weight: 400;\"> einen ruhigen R\u00fcckzugsort mit blumengeschm\u00fcckten Pl\u00e4tzen und traditioneller andalusischer Architektur, ideal f\u00fcr einen gem\u00fctlichen Nachmittag.<\/span><\/p>\n\t\t\t\t\t\t<\/div>\n\t\t\t\t<\/div>\n\t\t\t\t\t<\/div>\n\t\t\t\t<\/div>\n\t\t<div class=\"elementor-element elementor-element-7647273 e-flex e-con-boxed e-con e-parent\" data-id=\"7647273\" data-element_type=\"container\" data-settings=\"{&quot;background_background&quot;:&quot;classic&quot;}\">\n\t\t\t\t\t<div class=\"e-con-inner\">\n\t\t\t\t<div class=\"elementor-element elementor-element-b31af58 elementor-widget elementor-widget-spacer\" data-id=\"b31af58\" data-element_type=\"widget\" data-widget_type=\"spacer.default\">\n\t\t\t\t<div class=\"elementor-widget-container\">\n\t\t\t\t\t<div class=\"elementor-spacer\">\n\t\t\t<div class=\"elementor-spacer-inner\"><\/div>\n\t\t<\/div>\n\t\t\t\t<\/div>\n\t\t\t\t<\/div>\n\t\t\t\t\t<\/div>\n\t\t\t\t<\/div>\n\t\t<div class=\"elementor-element elementor-element-7c7a3648 e-flex e-con-boxed e-con e-parent\" data-id=\"7c7a3648\" data-element_type=\"container\" data-settings=\"{&quot;background_background&quot;:&quot;classic&quot;}\">\n\t\t\t\t\t<div class=\"e-con-inner\">\n\t\t\t\t<div class=\"elementor-element elementor-element-37d7539c elementor-widget elementor-widget-image\" data-id=\"37d7539c\" data-element_type=\"widget\" data-widget_type=\"image.default\">\n\t\t\t\t<div class=\"elementor-widget-container\">\n\t\t\t\t\t\t\t\t\t\t\t\t\t<img decoding=\"async\" width=\"2560\" height=\"1829\" src=\"https:\/\/amreinproperties.com\/wp-content\/uploads\/2025\/07\/spain-3762877-scaled.jpg\" class=\"attachment-full size-full wp-image-51881\" alt=\"Setenil de las bodegas, village, cave Andalusia\" srcset=\"https:\/\/amreinproperties.com\/wp-content\/uploads\/2025\/07\/spain-3762877-scaled.jpg 2560w, https:\/\/amreinproperties.com\/wp-content\/uploads\/2025\/07\/spain-3762877-300x214.jpg 300w, https:\/\/amreinproperties.com\/wp-content\/uploads\/2025\/07\/spain-3762877-1024x731.jpg 1024w, https:\/\/amreinproperties.com\/wp-content\/uploads\/2025\/07\/spain-3762877-768x549.jpg 768w, https:\/\/amreinproperties.com\/wp-content\/uploads\/2025\/07\/spain-3762877-1536x1097.jpg 1536w, https:\/\/amreinproperties.com\/wp-content\/uploads\/2025\/07\/spain-3762877-2048x1463.jpg 2048w, https:\/\/amreinproperties.com\/wp-content\/uploads\/2025\/07\/spain-3762877-840x600.jpg 840w, https:\/\/amreinproperties.com\/wp-content\/uploads\/2025\/07\/spain-3762877-496x354.jpg 496w\" sizes=\"(max-width: 2560px) 100vw, 2560px\" \/>\t\t\t\t\t\t\t\t\t\t\t\t\t<\/div>\n\t\t\t\t<\/div>\n\t\t\t\t\t<\/div>\n\t\t\t\t<\/div>\n\t\t<div class=\"elementor-element elementor-element-0891aee e-flex e-con-boxed e-con e-parent\" data-id=\"0891aee\" data-element_type=\"container\" data-settings=\"{&quot;background_background&quot;:&quot;classic&quot;}\">\n\t\t\t\t\t<div class=\"e-con-inner\">\n\t\t\t\t<div class=\"elementor-element elementor-element-5e54cb3 elementor-widget elementor-widget-spacer\" data-id=\"5e54cb3\" data-element_type=\"widget\" data-widget_type=\"spacer.default\">\n\t\t\t\t<div class=\"elementor-widget-container\">\n\t\t\t\t\t<div class=\"elementor-spacer\">\n\t\t\t<div class=\"elementor-spacer-inner\"><\/div>\n\t\t<\/div>\n\t\t\t\t<\/div>\n\t\t\t\t<\/div>\n\t\t\t\t\t<\/div>\n\t\t\t\t<\/div>\n\t\t<div class=\"elementor-element elementor-element-554742a e-flex e-con-boxed e-con e-parent\" data-id=\"554742a\" data-element_type=\"container\" data-settings=\"{&quot;background_background&quot;:&quot;classic&quot;}\">\n\t\t\t\t\t<div class=\"e-con-inner\">\n\t\t\t\t<div class=\"elementor-element elementor-element-d49bade elementor-widget elementor-widget-heading\" data-id=\"d49bade\" data-element_type=\"widget\" data-widget_type=\"heading.default\">\n\t\t\t\t<div class=\"elementor-widget-container\">\n\t\t\t<h2 class=\"elementor-heading-title elementor-size-default\">Die Route der romantischen Dichter: Eine Reise durch Geschichte und Inspiration<\/h2>\t\t<\/div>\n\t\t\t\t<\/div>\n\t\t\t\t\t<\/div>\n\t\t\t\t<\/div>\n\t\t<div class=\"elementor-element elementor-element-bd10f09 e-flex e-con-boxed e-con e-parent\" data-id=\"bd10f09\" data-element_type=\"container\" data-settings=\"{&quot;background_background&quot;:&quot;classic&quot;}\">\n\t\t\t\t\t<div class=\"e-con-inner\">\n\t\t\t\t<div class=\"elementor-element elementor-element-975d412 elementor-widget elementor-widget-spacer\" data-id=\"975d412\" data-element_type=\"widget\" data-widget_type=\"spacer.default\">\n\t\t\t\t<div class=\"elementor-widget-container\">\n\t\t\t\t\t<div class=\"elementor-spacer\">\n\t\t\t<div class=\"elementor-spacer-inner\"><\/div>\n\t\t<\/div>\n\t\t\t\t<\/div>\n\t\t\t\t<\/div>\n\t\t\t\t\t<\/div>\n\t\t\t\t<\/div>\n\t\t<div class=\"elementor-element elementor-element-72c85767 e-flex e-con-boxed e-con e-parent\" data-id=\"72c85767\" data-element_type=\"container\" data-settings=\"{&quot;background_background&quot;:&quot;classic&quot;}\">\n\t\t\t\t\t<div class=\"e-con-inner\">\n\t\t\t\t<div class=\"elementor-element elementor-element-381d4f3f elementor-widget elementor-widget-text-editor\" data-id=\"381d4f3f\" data-element_type=\"widget\" data-widget_type=\"text-editor.default\">\n\t\t\t\t<div class=\"elementor-widget-container\">\n\t\t\t\t\t\t\t<p><span style=\"font-weight: 400;\">F\u00fcr ein wirklich eindrucksvolles Erlebnis begeben Sie sich auf die <\/span><a href=\"https:\/\/2bexperiences.com\/ruta-viajeros-romanticos\/\" target=\"_blank\" rel=\"noopener\"><b>Route der romantischen Dichter<\/b><\/a><span style=\"font-weight: 400;\">, eine malerische Fahrt durch das Genal-Tal, die europ\u00e4ische Intellektuelle des 19. Jahrhunderts und literarische Gr\u00f6\u00dfen des 20. Jahrhunderts inspirierte. Bekannt als die   <\/span><a href=\"https:\/\/2bexperiences.com\/ruta-viajeros-romanticos\/\" target=\"_blank\" rel=\"noopener\"><b>Ruta de los Viajeros Rom\u00e1nticos<\/b><\/a><span style=\"font-weight: 400;\">, fesselte diese gewundene Route von Ronda durch die \u00fcppigen T\u00e4ler und zerkl\u00fcfteten H\u00fcgel der Serran\u00eda de Ronda Schriftsteller, die die erhabene Sch\u00f6nheit unber\u00fchrter Natur und authentischen Landlebens suchten. <\/span> <\/p>\n<p><span style=\"font-weight: 400;\">Im 19. Jahrhundert zelebrierte die Romantik Emotionen und das Malerische und zog Reisende wie <\/span><a href=\"https:\/\/en.wikipedia.org\/wiki\/Washington_Irving\" target=\"_blank\" rel=\"noopener\"><b>Washington Irving<\/b><\/a><span style=\"font-weight: 400;\">, Autor von <\/span><i><span style=\"font-weight: 400;\">Tales of the Alhambra<\/span><\/i><span style=\"font-weight: 400;\">, und den britischen Dichter <\/span><a href=\"https:\/\/en.wikipedia.org\/wiki\/Richard_Ford_(English_writer)\" target=\"_blank\" rel=\"noopener\"><b>Richard Ford<\/b><\/a><span style=\"font-weight: 400;\"> an, dessen <\/span><i><span style=\"font-weight: 400;\">Handbook for Travellers in Spain <\/span><\/i><span style=\"font-weight: 400;\">die dramatischen Landschaften und das maurische Erbe der Region lebhaft beschrieb.<\/span><\/p>\n<p><span style=\"font-weight: 400;\">Im 20. Jahrhundert inspirierte Rondas Reiz weiterhin. <\/span><a href=\"https:\/\/en.wikipedia.org\/wiki\/Ernest_Hemingway\" target=\"_blank\" rel=\"noopener\"><b>Ernest Hemingway<\/b><\/a><span style=\"font-weight: 400;\">, dessen Leidenschaft f\u00fcr die spanische Kultur und den Stierkampf <\/span><i><span style=\"font-weight: 400;\">Tod am Nachmittag<\/span><\/i><span style=\"font-weight: 400;\"> und <\/span><i><span style=\"font-weight: 400;\">Wem die Stunde schl\u00e4gt<\/span><\/i><span style=\"font-weight: 400;\"> pr\u00e4gte, nannte Ronda \u201edie romantischste Stadt Spaniens\u201c, fasziniert von ihren dramatischen Steilh\u00e4ngen. <\/span><a href=\"https:\/\/en.wikipedia.org\/wiki\/Orson_Welles\" target=\"_blank\" rel=\"noopener\"><b>Orson Welles<\/b><\/a><span style=\"font-weight: 400;\">, der legend\u00e4re Filmemacher, war so verzaubert, dass er hier Sommer verbrachte und w\u00fcnschte, seine Asche in der Region verstreut zu wissen. Der ber\u00fchmte \u00f6sterreichische Dichter Rainer Maria Rilke verbrachte hier den Winter 1912-1913, und zwar im Hotel Reina Victoria, das weiterhin existiert und wo es noch immer ein Zimmer mit dem Namen \u201cHabitaci\u00f3n Rilke\u201d gibt sowie eine Rilke-B\u00fcste im Parkgarten. Rilke bezeichnete Rhonda als die \u201cStadt der Tr\u00e4ume\u201d.<\/span><span style=\"font-weight: 400;\"> Die Geschichte der Route ist durchdrungen von den Verm\u00e4chtnissen dieser Koryph\u00e4en, zusammen mit Geschichten von Banditen und maurischen Traditionen, die der Reise Mystik verleihen.<\/span><\/p>\n<p><span style=\"font-weight: 400;\">Ausgehend von Ronda schl\u00e4ngelt sich die Stra\u00dfe durch die T\u00e4ler Genal und Guadiaro und enth\u00fcllt wei\u00df get\u00fcnchte D\u00f6rfer, die wie eingefroren in der Zeit wirken.  <\/span><a href=\"https:\/\/www.alpandeire.es\" target=\"_blank\" rel=\"noopener\"><b>Alpandeire<\/b><\/a><span style=\"font-weight: 400;\">, Geburtsort von Fray Leopoldo, bietet alte Steinstra\u00dfen und eine majest\u00e4tische Kirche.  <\/span><a href=\"https:\/\/www.juzcar.es\" target=\"_blank\" rel=\"noopener\"><b>J\u00fazcar<\/b><\/a><span style=\"font-weight: 400;\">, das \u201eSchlumpfdorf\u201c, begeistert mit seinen blau gestrichenen H\u00e4usern, die skurrile Modernit\u00e4t mit traditionellem Charme verbinden.  <\/span><a href=\"https:\/\/www.benalauria.es\" target=\"_blank\" rel=\"noopener\"><b>Benalaur\u00eda<\/b><\/a><span style=\"font-weight: 400;\">  und  <\/span><a href=\"https:\/\/www.gaucin.es\" target=\"_blank\" rel=\"noopener\"><b>Gauc\u00edn<\/b><\/a><span style=\"font-weight: 400;\">  verzaubern mit Panoramablicken und kunsthandwerklichen Produkten, w\u00e4hrend  <\/span><a href=\"https:\/\/www.genalguacil.es\" target=\"_blank\" rel=\"noopener\"><b>Genalguacil<\/b><\/a><span style=\"font-weight: 400;\">, ein \u201eFreilichtmuseum\u201c, das lebendige Stra\u00dfenkunst pr\u00e4sentiert.  <\/span><a href=\"https:\/\/www.algatocin.es\" target=\"_blank\" rel=\"noopener\"><b>Algatoc\u00edn<\/b><\/a><span style=\"font-weight: 400;\">  l\u00e4dt mit seinen ruhigen Kastanienw\u00e4ldern zur Erkundung ein, perfekt f\u00fcr Herbstspazierg\u00e4nge. Jedes Dorf bietet authentische Tapas-Bars und herzliche Gastfreundschaft, die den romantischen Geist der Dichter und K\u00fcnstler, die diese Wege durchwanderten, heraufbeschw\u00f6ren. <\/span><\/p>\n\t\t\t\t\t\t<\/div>\n\t\t\t\t<\/div>\n\t\t\t\t\t<\/div>\n\t\t\t\t<\/div>\n\t\t<div class=\"elementor-element elementor-element-6134e34 e-flex e-con-boxed e-con e-parent\" data-id=\"6134e34\" data-element_type=\"container\" data-settings=\"{&quot;background_background&quot;:&quot;classic&quot;}\">\n\t\t\t\t\t<div class=\"e-con-inner\">\n\t\t\t\t<div class=\"elementor-element elementor-element-70ab0b0 elementor-widget elementor-widget-image\" data-id=\"70ab0b0\" data-element_type=\"widget\" data-widget_type=\"image.default\">\n\t\t\t\t<div class=\"elementor-widget-container\">\n\t\t\t\t\t\t\t\t\t\t\t\t\t<img decoding=\"async\" width=\"2560\" height=\"1696\" src=\"https:\/\/amreinproperties.com\/wp-content\/uploads\/2025\/07\/spain-7530210-scaled.jpg\" class=\"attachment-full size-full wp-image-51884\" alt=\"Juicer, Smurf Village, Quaint, Blue\" srcset=\"https:\/\/amreinproperties.com\/wp-content\/uploads\/2025\/07\/spain-7530210-scaled.jpg 2560w, https:\/\/amreinproperties.com\/wp-content\/uploads\/2025\/07\/spain-7530210-300x199.jpg 300w, https:\/\/amreinproperties.com\/wp-content\/uploads\/2025\/07\/spain-7530210-1024x678.jpg 1024w, https:\/\/amreinproperties.com\/wp-content\/uploads\/2025\/07\/spain-7530210-768x509.jpg 768w, https:\/\/amreinproperties.com\/wp-content\/uploads\/2025\/07\/spain-7530210-1536x1017.jpg 1536w, https:\/\/amreinproperties.com\/wp-content\/uploads\/2025\/07\/spain-7530210-2048x1356.jpg 2048w, https:\/\/amreinproperties.com\/wp-content\/uploads\/2025\/07\/spain-7530210-906x600.jpg 906w, https:\/\/amreinproperties.com\/wp-content\/uploads\/2025\/07\/spain-7530210-496x329.jpg 496w\" sizes=\"(max-width: 2560px) 100vw, 2560px\" \/>\t\t\t\t\t\t\t\t\t\t\t\t\t<\/div>\n\t\t\t\t<\/div>\n\t\t\t\t\t<\/div>\n\t\t\t\t<\/div>\n\t\t<div class=\"elementor-element elementor-element-2696cf6 e-flex e-con-boxed e-con e-parent\" data-id=\"2696cf6\" data-element_type=\"container\" data-settings=\"{&quot;background_background&quot;:&quot;classic&quot;}\">\n\t\t\t\t\t<div class=\"e-con-inner\">\n\t\t\t\t<div class=\"elementor-element elementor-element-2b2a94a elementor-widget elementor-widget-spacer\" data-id=\"2b2a94a\" data-element_type=\"widget\" data-widget_type=\"spacer.default\">\n\t\t\t\t<div class=\"elementor-widget-container\">\n\t\t\t\t\t<div class=\"elementor-spacer\">\n\t\t\t<div class=\"elementor-spacer-inner\"><\/div>\n\t\t<\/div>\n\t\t\t\t<\/div>\n\t\t\t\t<\/div>\n\t\t\t\t\t<\/div>\n\t\t\t\t<\/div>\n\t\t<div class=\"elementor-element elementor-element-bcbf61a e-flex e-con-boxed e-con e-parent\" data-id=\"bcbf61a\" data-element_type=\"container\" data-settings=\"{&quot;background_background&quot;:&quot;classic&quot;}\">\n\t\t\t\t\t<div class=\"e-con-inner\">\n\t\t\t\t<div class=\"elementor-element elementor-element-4f7c6f7 elementor-widget elementor-widget-heading\" data-id=\"4f7c6f7\" data-element_type=\"widget\" data-widget_type=\"heading.default\">\n\t\t\t\t<div class=\"elementor-widget-container\">\n\t\t\t<h2 class=\"elementor-heading-title elementor-size-default\">Spannende und ruhige Abenteuer im Landesinneren\n<\/h2>\t\t<\/div>\n\t\t\t\t<\/div>\n\t\t\t\t\t<\/div>\n\t\t\t\t<\/div>\n\t\t<div class=\"elementor-element elementor-element-b9cf28b e-flex e-con-boxed e-con e-parent\" data-id=\"b9cf28b\" data-element_type=\"container\" data-settings=\"{&quot;background_background&quot;:&quot;classic&quot;}\">\n\t\t\t\t\t<div class=\"e-con-inner\">\n\t\t\t\t<div class=\"elementor-element elementor-element-108f95e elementor-widget elementor-widget-spacer\" data-id=\"108f95e\" data-element_type=\"widget\" data-widget_type=\"spacer.default\">\n\t\t\t\t<div class=\"elementor-widget-container\">\n\t\t\t\t\t<div class=\"elementor-spacer\">\n\t\t\t<div class=\"elementor-spacer-inner\"><\/div>\n\t\t<\/div>\n\t\t\t\t<\/div>\n\t\t\t\t<\/div>\n\t\t\t\t\t<\/div>\n\t\t\t\t<\/div>\n\t\t<div class=\"elementor-element elementor-element-47c31a2 e-flex e-con-boxed e-con e-parent\" data-id=\"47c31a2\" data-element_type=\"container\" data-settings=\"{&quot;background_background&quot;:&quot;classic&quot;}\">\n\t\t\t\t\t<div class=\"e-con-inner\">\n\t\t\t\t<div class=\"elementor-element elementor-element-f0d7a5a elementor-widget elementor-widget-text-editor\" data-id=\"f0d7a5a\" data-element_type=\"widget\" data-widget_type=\"text-editor.default\">\n\t\t\t\t<div class=\"elementor-widget-container\">\n\t\t\t\t\t\t\t<p><span style=\"font-weight: 400;\">F\u00fcr ein aufregendes Erlebnis besuchen Sie den <\/span><a href=\"https:\/\/www.caminitodelrey.info\/en\/\" target=\"_blank\" rel=\"noopener\"><b>Caminito del Rey<\/b><\/a><span style=\"font-weight: 400;\">, einen weltber\u00fchmten Weg, der an den steilen W\u00e4nden der El Chorro-Schlucht entlangf\u00fchrt. Einst bekannt als der \u201egef\u00e4hrlichste Pfad der Welt\u201c, bietet dieser restaurierte Weg atemberaubende Ausblicke und ein herzklopfendes Abenteuer <\/span><span style=\"font-weight: 400;\">. Stellen Sie sicher, dass Sie rechtzeitig einen Durchgang reservieren, um Ihr Erlebnis zu optimieren.<\/span><\/p>\n<p><span style=\"font-weight: 400;\">N\u00e4her an Marbella bietet der <\/span><a href=\"https:\/\/www.istan.es\/en\/\" target=\"_blank\" rel=\"noopener\"><b>Istan-Wasserfall<\/b><\/a><span style=\"font-weight: 400;\"> entlang des <\/span><a href=\"https:\/\/andaluciahiking.com\/hike-rio-verde-istan-malaga\/\" target=\"_blank\" rel=\"noopener\"><b>Acequia-Weges<\/b><\/a><span style=\"font-weight: 400;\">  ein ruhiges Wandererlebnis, das zu kaskadierenden Gew\u00e4ssern f\u00fchrt, umgeben von \u00fcppigem Gr\u00fcn. Diese Gew\u00e4sser speisen den Istan-Staudamm, der die gesamte Costa del Sol versorgt, als Puffer dient und reichlich Wasser zum Trinken und zur Bew\u00e4sserung gew\u00e4hrleistet. <\/span><\/p>\n<p><span style=\"font-weight: 400;\"> <\/span><span style=\"font-weight: 400;\">In <\/span><a href=\"https:\/\/www.benahavis.es\" target=\"_blank\" rel=\"noopener\"><b>Benahav\u00eds<\/b><\/a><span style=\"font-weight: 400;\"> laden die nat\u00fcrlichen Felsbecken der <\/span><a href=\"https:\/\/www.visitandalucia.com\/en\/benahavis\" target=\"_blank\" rel=\"noopener\"><b>Angosturas-Schlucht <\/b><\/a> <span style=\"font-weight: 400;\">zum Schwimmen in kristallklarem Wasser ein, ein verstecktes Juwel in der N\u00e4he, voller Abenteuer f\u00fcr die ganze Familie. Sie bieten die M\u00f6glichkeit zum Klippenspringen, Klettern und Wandern \u2013 bringen Sie Schuhe mit, die nass werden d\u00fcrfen! <\/span><\/p>\n\t\t\t\t\t\t<\/div>\n\t\t\t\t<\/div>\n\t\t\t\t\t<\/div>\n\t\t\t\t<\/div>\n\t\t<div class=\"elementor-element elementor-element-0f1dcf1 e-flex e-con-boxed e-con e-parent\" data-id=\"0f1dcf1\" data-element_type=\"container\" data-settings=\"{&quot;background_background&quot;:&quot;classic&quot;}\">\n\t\t\t\t\t<div class=\"e-con-inner\">\n\t\t\t\t<div class=\"elementor-element elementor-element-0daf8af elementor-widget elementor-widget-spacer\" data-id=\"0daf8af\" data-element_type=\"widget\" data-widget_type=\"spacer.default\">\n\t\t\t\t<div class=\"elementor-widget-container\">\n\t\t\t\t\t<div class=\"elementor-spacer\">\n\t\t\t<div class=\"elementor-spacer-inner\"><\/div>\n\t\t<\/div>\n\t\t\t\t<\/div>\n\t\t\t\t<\/div>\n\t\t\t\t\t<\/div>\n\t\t\t\t<\/div>\n\t\t<div class=\"elementor-element elementor-element-208dcff e-flex e-con-boxed e-con e-parent\" data-id=\"208dcff\" data-element_type=\"container\" data-settings=\"{&quot;background_background&quot;:&quot;classic&quot;}\">\n\t\t\t\t\t<div class=\"e-con-inner\">\n\t\t\t\t<div class=\"elementor-element elementor-element-c06d6e9 elementor-widget elementor-widget-image\" data-id=\"c06d6e9\" data-element_type=\"widget\" data-widget_type=\"image.default\">\n\t\t\t\t<div class=\"elementor-widget-container\">\n\t\t\t\t\t\t\t\t\t\t\t\t\t<img loading=\"lazy\" decoding=\"async\" width=\"2560\" height=\"1696\" src=\"https:\/\/amreinproperties.com\/wp-content\/uploads\/2025\/07\/spain-7240632-scaled.jpg\" class=\"attachment-full size-full wp-image-51887\" alt=\"Caminito del rey, worlds most dangerous walk, adventure, hiking, trekking, nature, lake, el chorro, tour\" srcset=\"https:\/\/amreinproperties.com\/wp-content\/uploads\/2025\/07\/spain-7240632-scaled.jpg 2560w, https:\/\/amreinproperties.com\/wp-content\/uploads\/2025\/07\/spain-7240632-300x199.jpg 300w, https:\/\/amreinproperties.com\/wp-content\/uploads\/2025\/07\/spain-7240632-1024x678.jpg 1024w, https:\/\/amreinproperties.com\/wp-content\/uploads\/2025\/07\/spain-7240632-768x509.jpg 768w, https:\/\/amreinproperties.com\/wp-content\/uploads\/2025\/07\/spain-7240632-1536x1017.jpg 1536w, https:\/\/amreinproperties.com\/wp-content\/uploads\/2025\/07\/spain-7240632-2048x1356.jpg 2048w, https:\/\/amreinproperties.com\/wp-content\/uploads\/2025\/07\/spain-7240632-906x600.jpg 906w, https:\/\/amreinproperties.com\/wp-content\/uploads\/2025\/07\/spain-7240632-496x329.jpg 496w\" sizes=\"(max-width: 2560px) 100vw, 2560px\" \/>\t\t\t\t\t\t\t\t\t\t\t\t\t<\/div>\n\t\t\t\t<\/div>\n\t\t\t\t\t<\/div>\n\t\t\t\t<\/div>\n\t\t<div class=\"elementor-element elementor-element-2e0392f e-flex e-con-boxed e-con e-parent\" data-id=\"2e0392f\" data-element_type=\"container\" data-settings=\"{&quot;background_background&quot;:&quot;classic&quot;}\">\n\t\t\t\t\t<div class=\"e-con-inner\">\n\t\t\t\t<div class=\"elementor-element elementor-element-b170187 elementor-widget elementor-widget-spacer\" data-id=\"b170187\" data-element_type=\"widget\" data-widget_type=\"spacer.default\">\n\t\t\t\t<div class=\"elementor-widget-container\">\n\t\t\t\t\t<div class=\"elementor-spacer\">\n\t\t\t<div class=\"elementor-spacer-inner\"><\/div>\n\t\t<\/div>\n\t\t\t\t<\/div>\n\t\t\t\t<\/div>\n\t\t\t\t\t<\/div>\n\t\t\t\t<\/div>\n\t\t<div class=\"elementor-element elementor-element-cea5a37 e-flex e-con-boxed e-con e-parent\" data-id=\"cea5a37\" data-element_type=\"container\" data-settings=\"{&quot;background_background&quot;:&quot;classic&quot;}\">\n\t\t\t\t\t<div class=\"e-con-inner\">\n\t\t\t\t<div class=\"elementor-element elementor-element-6d40469 elementor-widget elementor-widget-heading\" data-id=\"6d40469\" data-element_type=\"widget\" data-widget_type=\"heading.default\">\n\t\t\t\t<div class=\"elementor-widget-container\">\n\t\t\t<h2 class=\"elementor-heading-title elementor-size-default\">Tarifa: K\u00fcstenidylle mit Boh\u00e8me-Flair\n<\/h2>\t\t<\/div>\n\t\t\t\t<\/div>\n\t\t\t\t\t<\/div>\n\t\t\t\t<\/div>\n\t\t<div class=\"elementor-element elementor-element-99596f8 e-flex e-con-boxed e-con e-parent\" data-id=\"99596f8\" data-element_type=\"container\" data-settings=\"{&quot;background_background&quot;:&quot;classic&quot;}\">\n\t\t\t\t\t<div class=\"e-con-inner\">\n\t\t\t\t<div class=\"elementor-element elementor-element-179dac6 elementor-widget elementor-widget-spacer\" data-id=\"179dac6\" data-element_type=\"widget\" data-widget_type=\"spacer.default\">\n\t\t\t\t<div class=\"elementor-widget-container\">\n\t\t\t\t\t<div class=\"elementor-spacer\">\n\t\t\t<div class=\"elementor-spacer-inner\"><\/div>\n\t\t<\/div>\n\t\t\t\t<\/div>\n\t\t\t\t<\/div>\n\t\t\t\t\t<\/div>\n\t\t\t\t<\/div>\n\t\t<div class=\"elementor-element elementor-element-1f234f2 e-flex e-con-boxed e-con e-parent\" data-id=\"1f234f2\" data-element_type=\"container\" data-settings=\"{&quot;background_background&quot;:&quot;classic&quot;}\">\n\t\t\t\t\t<div class=\"e-con-inner\">\n\t\t\t\t<div class=\"elementor-element elementor-element-f5add23 elementor-widget elementor-widget-text-editor\" data-id=\"f5add23\" data-element_type=\"widget\" data-widget_type=\"text-editor.default\">\n\t\t\t\t<div class=\"elementor-widget-container\">\n\t\t\t\t\t\t\t<p><span style=\"font-weight: 400;\">An der s\u00fcdlichen Verl\u00e4ngerung der Costa del Sol und am Anfang der Costa de la Luz bietet <\/span><a href=\"https:\/\/turismodetarifa.com\" target=\"_blank\" rel=\"noopener\"><b>Tarifa<\/b><\/a><span style=\"font-weight: 400;\"> einen lebendigen K\u00fcstenkontrast zu M\u00e1lagas Sch\u00e4tzen im Landesinneren. Bekannt f\u00fcr ihre unber\u00fchrten Str\u00e4nde wie   <\/span><a href=\"https:\/\/www.google.com\/search?client=safari&amp;rls=en&amp;q=playa+de+los+lances&amp;ie=UTF-8&amp;oe=UTF-8\" target=\"_blank\" rel=\"noopener\"><b>Playa de Los Lances<\/b><\/a><span style=\"font-weight: 400;\"> und <\/span><a href=\"https:\/\/es.wikipedia.org\/wiki\/Playa_de_Bolonia\" target=\"_blank\" rel=\"noopener\"><b>Bolonia<\/b><\/a><span style=\"font-weight: 400;\">, ist Tarifa ein Paradies f\u00fcr Abenteuer und Entspannung.<\/span><\/p>\n<p><span style=\"font-weight: 400;\">Erleben Sie den Nervenkitzel des <\/span><b>Strandreitens<\/b><span style=\"font-weight: 400;\"> mit einem der vielen <a href=\"https:\/\/www.aventuraecuestre.com\" target=\"_blank\" rel=\"noopener\">Anbieter. <\/a><\/span><span style=\"font-weight: 400;\">Als Europas Wind- und Kitesurf-Hauptstadt zieht Tarifa Enthusiasten f\u00fcr <\/span><b>Windsurfen <\/b><span style=\"font-weight: 400;\">und <\/span><b>Kitesurfen<\/b><span style=\"font-weight: 400;\"> an, mit etablierten<strong> <a href=\"https:\/\/www.tarifamax.com\/\" target=\"_blank\" rel=\"noopener\">Schulen<\/a> <\/strong><\/span> <span style=\"font-weight: 400;\">die alle Niveaus bedienen. Nach einem aktiven Tag entspannen Sie in  <\/span><b>gem\u00fctlichen Chill-out-Bars<\/b><span style=\"font-weight: 400;\"> wie dem <\/span><a href=\"https:\/\/cafedelmar.com\/venues\/tarifa\" target=\"_blank\" rel=\"noopener\"><b>Caf\u00e9 del Mar<\/b><\/a><span style=\"font-weight: 400;\"> oder <\/span><a href=\"https:\/\/www.tanganatarifa.com\" target=\"_blank\" rel=\"noopener\"><b>Tangana<\/b><\/a><span style=\"font-weight: 400;\">, wo Cocktails und der Blick auf die marokkanischen Berge ein Boh\u00e8me-Flair schaffen.<\/span><\/p>\n\t\t\t\t\t\t<\/div>\n\t\t\t\t<\/div>\n\t\t\t\t\t<\/div>\n\t\t\t\t<\/div>\n\t\t<div class=\"elementor-element elementor-element-a681c91 e-flex e-con-boxed e-con e-parent\" data-id=\"a681c91\" data-element_type=\"container\" data-settings=\"{&quot;background_background&quot;:&quot;classic&quot;}\">\n\t\t\t\t\t<div class=\"e-con-inner\">\n\t\t\t\t<div class=\"elementor-element elementor-element-6a4ebbb elementor-widget elementor-widget-spacer\" data-id=\"6a4ebbb\" data-element_type=\"widget\" data-widget_type=\"spacer.default\">\n\t\t\t\t<div class=\"elementor-widget-container\">\n\t\t\t\t\t<div class=\"elementor-spacer\">\n\t\t\t<div class=\"elementor-spacer-inner\"><\/div>\n\t\t<\/div>\n\t\t\t\t<\/div>\n\t\t\t\t<\/div>\n\t\t\t\t\t<\/div>\n\t\t\t\t<\/div>\n\t\t<div class=\"elementor-element elementor-element-bbc934a e-flex e-con-boxed e-con e-parent\" data-id=\"bbc934a\" data-element_type=\"container\" data-settings=\"{&quot;background_background&quot;:&quot;classic&quot;}\">\n\t\t\t\t\t<div class=\"e-con-inner\">\n\t\t\t\t<div class=\"elementor-element elementor-element-a99108f elementor-widget elementor-widget-image\" data-id=\"a99108f\" data-element_type=\"widget\" data-widget_type=\"image.default\">\n\t\t\t\t<div class=\"elementor-widget-container\">\n\t\t\t\t\t\t\t\t\t\t\t\t\t<img loading=\"lazy\" decoding=\"async\" width=\"2560\" height=\"1707\" src=\"https:\/\/amreinproperties.com\/wp-content\/uploads\/2025\/07\/pexels-tmlrbr-31833424-scaled.jpg\" class=\"attachment-full size-full wp-image-51896\" alt=\"Tarifa, Gibraltar, Straight of Gibraltar, Hercules Columns, Morocco, View, Sea, Ocean, Tarifa, Adventure\" srcset=\"https:\/\/amreinproperties.com\/wp-content\/uploads\/2025\/07\/pexels-tmlrbr-31833424-scaled.jpg 2560w, https:\/\/amreinproperties.com\/wp-content\/uploads\/2025\/07\/pexels-tmlrbr-31833424-300x200.jpg 300w, https:\/\/amreinproperties.com\/wp-content\/uploads\/2025\/07\/pexels-tmlrbr-31833424-1024x683.jpg 1024w, https:\/\/amreinproperties.com\/wp-content\/uploads\/2025\/07\/pexels-tmlrbr-31833424-768x512.jpg 768w, https:\/\/amreinproperties.com\/wp-content\/uploads\/2025\/07\/pexels-tmlrbr-31833424-1536x1024.jpg 1536w, https:\/\/amreinproperties.com\/wp-content\/uploads\/2025\/07\/pexels-tmlrbr-31833424-2048x1365.jpg 2048w, https:\/\/amreinproperties.com\/wp-content\/uploads\/2025\/07\/pexels-tmlrbr-31833424-900x600.jpg 900w, https:\/\/amreinproperties.com\/wp-content\/uploads\/2025\/07\/pexels-tmlrbr-31833424-496x331.jpg 496w\" sizes=\"(max-width: 2560px) 100vw, 2560px\" \/>\t\t\t\t\t\t\t\t\t\t\t\t\t<\/div>\n\t\t\t\t<\/div>\n\t\t\t\t\t<\/div>\n\t\t\t\t<\/div>\n\t\t<div class=\"elementor-element elementor-element-0fbde51 e-flex e-con-boxed e-con e-parent\" data-id=\"0fbde51\" data-element_type=\"container\" data-settings=\"{&quot;background_background&quot;:&quot;classic&quot;}\">\n\t\t\t\t\t<div class=\"e-con-inner\">\n\t\t\t\t<div class=\"elementor-element elementor-element-e3ef129 elementor-widget elementor-widget-spacer\" data-id=\"e3ef129\" data-element_type=\"widget\" data-widget_type=\"spacer.default\">\n\t\t\t\t<div class=\"elementor-widget-container\">\n\t\t\t\t\t<div class=\"elementor-spacer\">\n\t\t\t<div class=\"elementor-spacer-inner\"><\/div>\n\t\t<\/div>\n\t\t\t\t<\/div>\n\t\t\t\t<\/div>\n\t\t\t\t\t<\/div>\n\t\t\t\t<\/div>\n\t\t<div class=\"elementor-element elementor-element-971b43d e-flex e-con-boxed e-con e-parent\" data-id=\"971b43d\" data-element_type=\"container\" data-settings=\"{&quot;background_background&quot;:&quot;classic&quot;}\">\n\t\t\t\t\t<div class=\"e-con-inner\">\n\t\t\t\t<div class=\"elementor-element elementor-element-9479763 elementor-widget elementor-widget-heading\" data-id=\"9479763\" data-element_type=\"widget\" data-widget_type=\"heading.default\">\n\t\t\t\t<div class=\"elementor-widget-container\">\n\t\t\t<h2 class=\"elementor-heading-title elementor-size-default\">Warum \u00fcber die K\u00fcste hinaus erkunden?<\/h2>\t\t<\/div>\n\t\t\t\t<\/div>\n\t\t\t\t\t<\/div>\n\t\t\t\t<\/div>\n\t\t<div class=\"elementor-element elementor-element-9df7a05 e-flex e-con-boxed e-con e-parent\" data-id=\"9df7a05\" data-element_type=\"container\" data-settings=\"{&quot;background_background&quot;:&quot;classic&quot;}\">\n\t\t\t\t\t<div class=\"e-con-inner\">\n\t\t\t\t<div class=\"elementor-element elementor-element-6c833bd elementor-widget elementor-widget-text-editor\" data-id=\"6c833bd\" data-element_type=\"widget\" data-widget_type=\"text-editor.default\">\n\t\t\t\t<div class=\"elementor-widget-container\">\n\t\t\t\t\t\t\t<p><span style=\"font-weight: 400;\">M\u00e1lagas bergiges Terrain und die vielf\u00e4ltige K\u00fcstenlinie machen sie zu einer Region der endlosen Entdeckungen. W\u00e4hrend die Str\u00e4nde der Costa del Sol weltber\u00fchmt sind, offenbaren ihre D\u00f6rfer im Landesinneren, historischen Routen und lebhaften K\u00fcstenorte wie Tarifa ein authentisches Andalusien, das von Besuchern oft \u00fcbersehen wird. Ob Sie den Caminito del Rey wandern, Tapas in einem wei\u00df get\u00fcnnten Dorf genie\u00dfen oder in Tarifa Wellen reiten \u2013 diese Erlebnisse bereichern den Lebensstil, der mit dem Besitz eines Luxushauses hier einhergeht.<\/span><\/p>\n<p><span style=\"font-weight: 400;\">Bei <a href=\"https:\/\/amreinproperties.com\/de\/eigenschaften\/\"><strong>Amrein Properties<\/strong><\/a> glauben wir daran, unseren Kunden nicht nur eine Immobilie, sondern einen Lebensstil zu vermitteln. Lassen Sie uns Sie zu Ihrem Traum-Zweitwohnsitz in Marbella oder an der Costa del Sol f\u00fchren, wo Sie sowohl den Glamour der K\u00fcste als auch die seelenbewegende Sch\u00f6nheit ihrer verborgenen Sch\u00e4tze genie\u00dfen k\u00f6nnen. <strong><a href=\"https:\/\/amreinproperties.com\/de\/kontakt\/\">Kontaktieren Sie uns<\/a> <\/strong>noch heute  <\/span><span style=\"font-weight: 400;\">um Ihre Reise zu beginnen.<\/span><\/p>\n\t\t\t\t\t\t<\/div>\n\t\t\t\t<\/div>\n\t\t\t\t\t<\/div>\n\t\t\t\t<\/div>\n\t\t<div class=\"elementor-element elementor-element-736863c e-flex e-con-boxed e-con e-parent\" data-id=\"736863c\" data-element_type=\"container\" data-settings=\"{&quot;background_background&quot;:&quot;classic&quot;}\">\n\t\t\t\t\t<div class=\"e-con-inner\">\n\t\t\t\t<div class=\"elementor-element elementor-element-60937ea elementor-widget elementor-widget-spacer\" data-id=\"60937ea\" data-element_type=\"widget\" data-widget_type=\"spacer.default\">\n\t\t\t\t<div class=\"elementor-widget-container\">\n\t\t\t\t\t<div class=\"elementor-spacer\">\n\t\t\t<div class=\"elementor-spacer-inner\"><\/div>\n\t\t<\/div>\n\t\t\t\t<\/div>\n\t\t\t\t<\/div>\n\t\t\t\t\t<\/div>\n\t\t\t\t<\/div>\n\t\t<div class=\"elementor-element elementor-element-121837df e-flex e-con-boxed e-con e-parent\" data-id=\"121837df\" data-element_type=\"container\" data-settings=\"{&quot;background_background&quot;:&quot;classic&quot;}\">\n\t\t\t\t\t<div class=\"e-con-inner\">\n\t\t\t\t<div class=\"elementor-element elementor-element-5c7031a8 elementor-widget elementor-widget-button\" data-id=\"5c7031a8\" data-element_type=\"widget\" data-widget_type=\"button.default\">\n\t\t\t\t<div class=\"elementor-widget-container\">\n\t\t\t\t\t<div class=\"elementor-button-wrapper\">\n\t\t\t<a class=\"elementor-button elementor-button-link elementor-size-sm elementor-animation-grow\" href=\"https:\/\/amreinproperties.com\/de\/blogs\/\">\n\t\t\t\t\t\t<span class=\"elementor-button-content-wrapper\">\n\t\t\t\t\t\t\t\t\t<span class=\"elementor-button-text\">MEHR SEHEN<\/span>\n\t\t\t\t\t<\/span>\n\t\t\t\t\t<\/a>\n\t\t<\/div>\n\t\t\t\t<\/div>\n\t\t\t\t<\/div>\n\t\t\t\t<div class=\"elementor-element elementor-element-1c1cd589 elementor-widget elementor-widget-button\" data-id=\"1c1cd589\" data-element_type=\"widget\" data-widget_type=\"button.default\">\n\t\t\t\t<div class=\"elementor-widget-container\">\n\t\t\t\t\t<div class=\"elementor-button-wrapper\">\n\t\t\t<a class=\"elementor-button elementor-button-link elementor-size-sm elementor-animation-grow\" href=\"https:\/\/amreinproperties.com\/de\/kontakt\/\">\n\t\t\t\t\t\t<span class=\"elementor-button-content-wrapper\">\n\t\t\t\t\t\t\t\t\t<span class=\"elementor-button-text\">KONTAKT US<\/span>\n\t\t\t\t\t<\/span>\n\t\t\t\t\t<\/a>\n\t\t<\/div>\n\t\t\t\t<\/div>\n\t\t\t\t<\/div>\n\t\t\t\t\t<\/div>\n\t\t\t\t<\/div>\n\t\t<div class=\"elementor-element elementor-element-adebd83 e-flex e-con-boxed e-con e-parent\" data-id=\"adebd83\" data-element_type=\"container\" data-settings=\"{&quot;background_background&quot;:&quot;classic&quot;}\">\n\t\t\t\t\t<div class=\"e-con-inner\">\n\t\t\t\t<div class=\"elementor-element elementor-element-6cefba7d elementor-widget elementor-widget-spacer\" data-id=\"6cefba7d\" data-element_type=\"widget\" data-widget_type=\"spacer.default\">\n\t\t\t\t<div class=\"elementor-widget-container\">\n\t\t\t\t\t<div class=\"elementor-spacer\">\n\t\t\t<div class=\"elementor-spacer-inner\"><\/div>\n\t\t<\/div>\n\t\t\t\t<\/div>\n\t\t\t\t<\/div>\n\t\t\t\t\t<\/div>\n\t\t\t\t<\/div>\n\t\t\t\t<\/div>\n\t\t","protected":false},"excerpt":{"rendered":"<p>Unerwartete Abenteuerjenseits der K\u00fcste Entdecken Sie die verborgenen Sch\u00e4tze der Costa del Sol Bei Amrein Properties sind wir leidenschaftlich daran interessiert, unseren anspruchsvollen Kunden au\u00dfergew\u00f6hnliche Erlebnisse zu bieten, indem wir nicht nur die luxuri\u00f6sen Immobilien in Marbella und an der Costa del Sol pr\u00e4sentieren, sondern auch die verborgenen Sch\u00e4tze der Region, die ihren einzigartigen Reiz [&hellip;]<\/p>\n","protected":false},"author":1,"featured_media":51870,"comment_status":"open","ping_status":"open","sticky":false,"template":"elementor_header_footer","format":"standard","meta":{"footnotes":""},"categories":[429],"tags":[],"class_list":["post-51905","post","type-post","status-publish","format-standard","has-post-thumbnail","hentry","category-unkategorisiert"],"_links":{"self":[{"href":"https:\/\/amreinproperties.com\/de\/wp-json\/wp\/v2\/posts\/51905","targetHints":{"allow":["GET"]}}],"collection":[{"href":"https:\/\/amreinproperties.com\/de\/wp-json\/wp\/v2\/posts"}],"about":[{"href":"https:\/\/amreinproperties.com\/de\/wp-json\/wp\/v2\/types\/post"}],"author":[{"embeddable":true,"href":"https:\/\/amreinproperties.com\/de\/wp-json\/wp\/v2\/users\/1"}],"replies":[{"embeddable":true,"href":"https:\/\/amreinproperties.com\/de\/wp-json\/wp\/v2\/comments?post=51905"}],"version-history":[{"count":1,"href":"https:\/\/amreinproperties.com\/de\/wp-json\/wp\/v2\/posts\/51905\/revisions"}],"predecessor-version":[{"id":51906,"href":"https:\/\/amreinproperties.com\/de\/wp-json\/wp\/v2\/posts\/51905\/revisions\/51906"}],"wp:featuredmedia":[{"embeddable":true,"href":"https:\/\/amreinproperties.com\/de\/wp-json\/wp\/v2\/media\/51870"}],"wp:attachment":[{"href":"https:\/\/amreinproperties.com\/de\/wp-json\/wp\/v2\/media?parent=51905"}],"wp:term":[{"taxonomy":"category","embeddable":true,"href":"https:\/\/amreinproperties.com\/de\/wp-json\/wp\/v2\/categories?post=51905"},{"taxonomy":"post_tag","embeddable":true,"href":"https:\/\/amreinproperties.com\/de\/wp-json\/wp\/v2\/tags?post=51905"}],"curies":[{"name":"wp","href":"https:\/\/api.w.org\/{rel}","templated":true}]}}